{
    "name": "Marilda e Rog\u00e9rio Bassa Im\u00f3veis",
    "short_name": "Marilda e Rog\u00e9rio Bassa Im\u00f3veis",
    "icons": [
        {
            "src": "/images/favicon/android-chrome-192x192.png",
            "sizes": "192x192",
            "type": "image/png"
        },
        {
            "src": "/images/favicon/android-chrome-512x512.png",
            "sizes": "512x512",
            "type": "image/png"
        }
    ],
    "theme_color": "#2e2a59",
    "background_color": "#2e2a59",
    "display": "standalone"
}
